{"id":144,"date":"2021-04-01T08:25:00","date_gmt":"2021-04-01T06:25:00","guid":{"rendered":"https:\/\/lid.debica.pl\/blog\/?p=144"},"modified":"2021-04-16T13:13:19","modified_gmt":"2021-04-16T11:13:19","slug":"naprawa-przejazdu","status":"publish","type":"post","link":"https:\/\/lid.debica.pl\/blog\/naprawa-przejazdu\/","title":{"rendered":"Naprawa przejazdu"},"content":{"rendered":"\n<div class=\"wp-block-cover has-background-dim\" style=\"background-color:#0d3866;min-height:256px;aspect-ratio:unset;\"><img loading=\"lazy\" decoding=\"async\" width=\"1000\" height=\"486\" class=\"wp-block-cover__image-background wp-image-146\" alt=\"\" src=\"https:\/\/lid.debica.pl\/blog\/wp-content\/uploads\/2021\/04\/kolbiel-24.jpg\" data-object-fit=\"cover\" srcset=\"https:\/\/lid.debica.pl\/blog\/wp-content\/uploads\/2021\/04\/kolbiel-24.jpg 1000w, https:\/\/lid.debica.pl\/blog\/wp-content\/uploads\/2021\/04\/kolbiel-24-800x389.jpg 800w, https:\/\/lid.debica.pl\/blog\/wp-content\/uploads\/2021\/04\/kolbiel-24-350x170.jpg 350w, https:\/\/lid.debica.pl\/blog\/wp-content\/uploads\/2021\/04\/kolbiel-24-768x373.jpg 768w\" sizes=\"auto, (max-width: 1000px) 100vw, 1000px\" \/><div class=\"wp-block-cover__inner-container is-layout-flow wp-block-cover-is-layout-flow\">\n<p class=\"has-text-align-center has-large-font-size\"><\/p>\n<\/div><\/div>\n\n\n\n<p class=\"has-white-color has-text-color has-background has-medium-font-size\" style=\"background-color:#0d3866\"><strong>Termin wykonania: <\/strong>marzec 2021r.<br><strong>Miejsce wykonania: <\/strong>Ko\u0142biel<br><br><strong>Zakres prac:<\/strong><br>1. Rozebranie przejazdu<br>2. Roboty ziemne i budowa toru<br>3. Budowa odwodnienia przejazdu i zabudowa przejazdu<br>4. Wykonanie dojazd\u00f3w z warstwy bitumicznej<\/p>\n\n\n\n<div style=\"height:40px\" aria-hidden=\"true\" class=\"wp-block-spacer\"><\/div>\n\n\n\n<h2 class=\"wp-block-heading\">Realizowane zadanie<\/h2>\n\n\n\n<p>Wykonali\u015bmy prace naprawy przejazdu kolejowego w miejscowo\u015bci Ko\u0142biel. W sk\u0142ad prac wchodzi\u0142y zar\u00f3wno prace rozbi\u00f3rkowe dotychczasowego przejazdu, jak r\u00f3wnie\u017c prace zwi\u0105zane z budow\u0105 nowego przejazdu. Prace obejmowa\u0142y nast\u0119puj\u0105ce zadania:<\/p>\n\n\n\n<ul class=\"bulleted wp-block-list\"><li>rozebranie przejazdu,<\/li><li>roboty ziemne w torze,<\/li><li>budowa toru,<\/li><li>budowa odwodnienia przejazdu,<\/li><li>zabudowa przejazdu, <\/li><li>wykonanie dojazd\u00f3w z warstwy bitumicznej.<\/li><\/ul>\n\n\n\n<div style=\"height:50px\" aria-hidden=\"true\" class=\"wp-block-spacer\"><\/div>\n\n\n\n<h2 class=\"wp-block-heading\">Przebieg prac<\/h2>\n\n\n\n<p>Prace rozpocz\u0119li\u015bmy od rozebrania dotychczasowego przejazdu: rozbi\u00f3rki nawierzchni z p\u0142yt \u017cebeltowych typu CBP, a nast\u0119pnie z\u0142o\u017cenie ich w wyznaczonym miejscu. W zakres prac demonta\u017cowych przejazdu wchodzi\u0142a te\u017c rozbi\u00f3rka r\u0119czna tor\u00f3w kolejowych oraz rozbi\u00f3rka nawierzchni bitumicznej. <\/p>\n\n\n\n<p>W kolejnym kroku przyst\u0105pili\u015bmy do rob\u00f3t ziemnych w torze w celu usuni\u0119cia poprzedniej podsypki oraz wyr\u00f3wnania terenu spycharkami. Nast\u0119pnie przygotowali\u015bmy podsypk\u0119 pod nowy przejazd. Po wykonaniu tych prac zosta\u0142a roz\u0142o\u017cona geow\u0142\u00f3knina. <\/p>\n\n\n\n<p>Nast\u0119pnie dokonali\u015bmy budowy toru poprzez na\u0142o\u017cenie warstwy t\u0142ucznia na podtorzu, uk\u0142adanie toru kolejowego na podk\u0142adach drewnianych oraz balastowanie tor\u00f3w. W dalszej cz\u0119\u015bci prac przeprowadzili\u015bmy odwodnienie przejazdu. W tym celu konieczne by\u0142o wykonanie wykop\u00f3w, wy\u0142o\u017cenie podsypki pod drena\u017c,  nast\u0119pnie wykonanie drena\u017cu z rur, a w ko\u0144cowym etapie wy\u0142o\u017cenie zasypki filtracyjnej oraz zag\u0119szczenie nasyp\u00f3w ubijakami. <\/p>\n\n\n\n<p>Kolejnym etapem by\u0142a zabudowa przejazdu p\u0142ytami typu Miros\u0142aw Ujski. Wykonali\u015bmy podbudow\u0119, wy\u0142o\u017cyli\u015bmy \u0142awy fundamentowe, a nast\u0119pnie dokonali\u015bmy zabudowy przejazd\u00f3w wykorzystuj\u0105c p\u0142yty przejazdowe typu Miros\u0142aw Ujski.<\/p>\n\n\n\n<p>Ostatnim krokiem by\u0142o wykonanie dojazd\u00f3w z warstwy bitumicznej. Na pocz\u0105tku wykonali\u015bmy podbudow\u0119 z t\u0142ucznia i podbudow\u0119 z betonu asfaltowego. Nast\u0119pnie wykonali\u015bmy nawierzchni\u0119 z mieszanek mineralno-bitumicznych grysowych. Na ko\u0144cu prac dokonali\u015bmy malowania znak\u00f3w poziomych na nawierzchni.<\/p>\n\n\n\n<div style=\"height:50px\" aria-hidden=\"true\" class=\"wp-block-spacer\"><\/div>\n\n\n\n<h2 class=\"wp-block-heading\">Zdj\u0119cia z realizacji<\/h2>\n\n\n\n<div style=\"height:20px\" aria-hidden=\"true\" class=\"wp-block-spacer\"><\/div>\n\n\n\n<figure class=\"wp-block-gallery columns-1 is-cropped wp-block-gallery-1 is-layout-flex wp-block-gallery-is-layout-flex\"><ul class=\"blocks-gallery-grid\"><li class=\"blocks-gallery-item\"><figure><a href=\"https:\/\/lid.debica.pl\/blog\/wp-content\/uploads\/2021\/04\/kolbiel-01-01.jpg\"><img loading=\"lazy\" decoding=\"async\" width=\"880\" height=\"485\" src=\"https:\/\/lid.debica.pl\/blog\/wp-content\/uploads\/2021\/04\/kolbiel-01-01.jpg\" alt=\"\" data-id=\"147\" data-link=\"https:\/\/lid.debica.pl\/blog\/?attachment_id=147\" class=\"wp-image-147\" srcset=\"https:\/\/lid.debica.pl\/blog\/wp-content\/uploads\/2021\/04\/kolbiel-01-01.jpg 880w, https:\/\/lid.debica.pl\/blog\/wp-content\/uploads\/2021\/04\/kolbiel-01-01-800x441.jpg 800w, https:\/\/lid.debica.pl\/blog\/wp-content\/uploads\/2021\/04\/kolbiel-01-01-350x193.jpg 350w, https:\/\/lid.debica.pl\/blog\/wp-content\/uploads\/2021\/04\/kolbiel-01-01-768x423.jpg 768w\" sizes=\"auto, (max-width: 880px) 100vw, 880px\" \/><\/a><\/figure><\/li><li class=\"blocks-gallery-item\"><figure><a href=\"https:\/\/lid.debica.pl\/blog\/wp-content\/uploads\/2021\/04\/kolbiel-04.jpg\"><img loading=\"lazy\" decoding=\"async\" width=\"1000\" height=\"486\" src=\"https:\/\/lid.debica.pl\/blog\/wp-content\/uploads\/2021\/04\/kolbiel-04.jpg\" alt=\"\" data-id=\"148\" data-link=\"https:\/\/lid.debica.pl\/blog\/?attachment_id=148\" class=\"wp-image-148\" srcset=\"https:\/\/lid.debica.pl\/blog\/wp-content\/uploads\/2021\/04\/kolbiel-04.jpg 1000w, https:\/\/lid.debica.pl\/blog\/wp-content\/uploads\/2021\/04\/kolbiel-04-800x389.jpg 800w, https:\/\/lid.debica.pl\/blog\/wp-content\/uploads\/2021\/04\/kolbiel-04-350x170.jpg 350w, https:\/\/lid.debica.pl\/blog\/wp-content\/uploads\/2021\/04\/kolbiel-04-768x373.jpg 768w\" sizes=\"auto, (max-width: 1000px) 100vw, 1000px\" \/><\/a><\/figure><\/li><li class=\"blocks-gallery-item\"><figure><a href=\"https:\/\/lid.debica.pl\/blog\/wp-content\/uploads\/2021\/04\/kolbiel-22.jpg\"><img loading=\"lazy\" decoding=\"async\" width=\"1000\" height=\"486\" src=\"https:\/\/lid.debica.pl\/blog\/wp-content\/uploads\/2021\/04\/kolbiel-22.jpg\" alt=\"\" data-id=\"150\" data-link=\"https:\/\/lid.debica.pl\/blog\/?attachment_id=150\" class=\"wp-image-150\" srcset=\"https:\/\/lid.debica.pl\/blog\/wp-content\/uploads\/2021\/04\/kolbiel-22.jpg 1000w, https:\/\/lid.debica.pl\/blog\/wp-content\/uploads\/2021\/04\/kolbiel-22-800x389.jpg 800w, https:\/\/lid.debica.pl\/blog\/wp-content\/uploads\/2021\/04\/kolbiel-22-350x170.jpg 350w, https:\/\/lid.debica.pl\/blog\/wp-content\/uploads\/2021\/04\/kolbiel-22-768x373.jpg 768w\" sizes=\"auto, (max-width: 1000px) 100vw, 1000px\" \/><\/a><\/figure><\/li><li class=\"blocks-gallery-item\"><figure><a href=\"https:\/\/lid.debica.pl\/blog\/wp-content\/uploads\/2021\/04\/kolbiel-40.jpg\"><img loading=\"lazy\" decoding=\"async\" width=\"1000\" height=\"486\" src=\"https:\/\/lid.debica.pl\/blog\/wp-content\/uploads\/2021\/04\/kolbiel-40.jpg\" alt=\"\" data-id=\"151\" data-link=\"https:\/\/lid.debica.pl\/blog\/?attachment_id=151\" class=\"wp-image-151\" srcset=\"https:\/\/lid.debica.pl\/blog\/wp-content\/uploads\/2021\/04\/kolbiel-40.jpg 1000w, https:\/\/lid.debica.pl\/blog\/wp-content\/uploads\/2021\/04\/kolbiel-40-800x389.jpg 800w, https:\/\/lid.debica.pl\/blog\/wp-content\/uploads\/2021\/04\/kolbiel-40-350x170.jpg 350w, https:\/\/lid.debica.pl\/blog\/wp-content\/uploads\/2021\/04\/kolbiel-40-768x373.jpg 768w\" sizes=\"auto, (max-width: 1000px) 100vw, 1000px\" \/><\/a><\/figure><\/li><li class=\"blocks-gallery-item\"><figure><a href=\"https:\/\/lid.debica.pl\/blog\/wp-content\/uploads\/2021\/04\/przejazd-kolejowy-k-12-1.jpg\"><img loading=\"lazy\" decoding=\"async\" width=\"1000\" height=\"486\" src=\"https:\/\/lid.debica.pl\/blog\/wp-content\/uploads\/2021\/04\/przejazd-kolejowy-k-12-1.jpg\" alt=\"\" data-id=\"152\" data-link=\"https:\/\/lid.debica.pl\/blog\/?attachment_id=152\" class=\"wp-image-152\" srcset=\"https:\/\/lid.debica.pl\/blog\/wp-content\/uploads\/2021\/04\/przejazd-kolejowy-k-12-1.jpg 1000w, https:\/\/lid.debica.pl\/blog\/wp-content\/uploads\/2021\/04\/przejazd-kolejowy-k-12-1-800x389.jpg 800w, https:\/\/lid.debica.pl\/blog\/wp-content\/uploads\/2021\/04\/przejazd-kolejowy-k-12-1-350x170.jpg 350w, https:\/\/lid.debica.pl\/blog\/wp-content\/uploads\/2021\/04\/przejazd-kolejowy-k-12-1-768x373.jpg 768w\" sizes=\"auto, (max-width: 1000px) 100vw, 1000px\" \/><\/a><\/figure><\/li><li class=\"blocks-gallery-item\"><figure><a href=\"https:\/\/lid.debica.pl\/blog\/wp-content\/uploads\/2021\/04\/przejazd-kolejowy-k-15-1.jpg\"><img loading=\"lazy\" decoding=\"async\" width=\"1000\" height=\"486\" src=\"https:\/\/lid.debica.pl\/blog\/wp-content\/uploads\/2021\/04\/przejazd-kolejowy-k-15-1.jpg\" alt=\"\" data-id=\"153\" data-link=\"https:\/\/lid.debica.pl\/blog\/?attachment_id=153\" class=\"wp-image-153\" srcset=\"https:\/\/lid.debica.pl\/blog\/wp-content\/uploads\/2021\/04\/przejazd-kolejowy-k-15-1.jpg 1000w, https:\/\/lid.debica.pl\/blog\/wp-content\/uploads\/2021\/04\/przejazd-kolejowy-k-15-1-800x389.jpg 800w, https:\/\/lid.debica.pl\/blog\/wp-content\/uploads\/2021\/04\/przejazd-kolejowy-k-15-1-350x170.jpg 350w, https:\/\/lid.debica.pl\/blog\/wp-content\/uploads\/2021\/04\/przejazd-kolejowy-k-15-1-768x373.jpg 768w\" sizes=\"auto, (max-width: 1000px) 100vw, 1000px\" \/><\/a><\/figure><\/li><li class=\"blocks-gallery-item\"><figure><a href=\"https:\/\/lid.debica.pl\/blog\/wp-content\/uploads\/2021\/04\/przejazd-kolejowy-k-28-1.jpg\"><img loading=\"lazy\" decoding=\"async\" width=\"1000\" height=\"486\" src=\"https:\/\/lid.debica.pl\/blog\/wp-content\/uploads\/2021\/04\/przejazd-kolejowy-k-28-1.jpg\" alt=\"\" data-id=\"154\" data-link=\"https:\/\/lid.debica.pl\/blog\/?attachment_id=154\" class=\"wp-image-154\" srcset=\"https:\/\/lid.debica.pl\/blog\/wp-content\/uploads\/2021\/04\/przejazd-kolejowy-k-28-1.jpg 1000w, https:\/\/lid.debica.pl\/blog\/wp-content\/uploads\/2021\/04\/przejazd-kolejowy-k-28-1-800x389.jpg 800w, https:\/\/lid.debica.pl\/blog\/wp-content\/uploads\/2021\/04\/przejazd-kolejowy-k-28-1-350x170.jpg 350w, https:\/\/lid.debica.pl\/blog\/wp-content\/uploads\/2021\/04\/przejazd-kolejowy-k-28-1-768x373.jpg 768w\" sizes=\"auto, (max-width: 1000px) 100vw, 1000px\" \/><\/a><\/figure><\/li><li class=\"blocks-gallery-item\"><figure><a href=\"https:\/\/lid.debica.pl\/blog\/wp-content\/uploads\/2021\/04\/uslugi-drogowe-k-31-01-1.jpg\"><img loading=\"lazy\" decoding=\"async\" width=\"1000\" height=\"486\" src=\"https:\/\/lid.debica.pl\/blog\/wp-content\/uploads\/2021\/04\/uslugi-drogowe-k-31-01-1.jpg\" alt=\"\" data-id=\"156\" data-full-url=\"https:\/\/lid.debica.pl\/blog\/wp-content\/uploads\/2021\/04\/uslugi-drogowe-k-31-01-1.jpg\" data-link=\"https:\/\/lid.debica.pl\/blog\/?attachment_id=156\" class=\"wp-image-156\" srcset=\"https:\/\/lid.debica.pl\/blog\/wp-content\/uploads\/2021\/04\/uslugi-drogowe-k-31-01-1.jpg 1000w, https:\/\/lid.debica.pl\/blog\/wp-content\/uploads\/2021\/04\/uslugi-drogowe-k-31-01-1-800x389.jpg 800w, https:\/\/lid.debica.pl\/blog\/wp-content\/uploads\/2021\/04\/uslugi-drogowe-k-31-01-1-350x170.jpg 350w, https:\/\/lid.debica.pl\/blog\/wp-content\/uploads\/2021\/04\/uslugi-drogowe-k-31-01-1-768x373.jpg 768w\" sizes=\"auto, (max-width: 1000px) 100vw, 1000px\" \/><\/a><\/figure><\/li><li class=\"blocks-gallery-item\"><figure><a href=\"https:\/\/lid.debica.pl\/blog\/wp-content\/uploads\/2021\/04\/przejazd-kolejowy-k-44-1.jpg\"><img loading=\"lazy\" decoding=\"async\" width=\"1000\" height=\"486\" src=\"https:\/\/lid.debica.pl\/blog\/wp-content\/uploads\/2021\/04\/przejazd-kolejowy-k-44-1.jpg\" alt=\"\" data-id=\"155\" data-link=\"https:\/\/lid.debica.pl\/blog\/?attachment_id=155\" class=\"wp-image-155\" srcset=\"https:\/\/lid.debica.pl\/blog\/wp-content\/uploads\/2021\/04\/przejazd-kolejowy-k-44-1.jpg 1000w, https:\/\/lid.debica.pl\/blog\/wp-content\/uploads\/2021\/04\/przejazd-kolejowy-k-44-1-800x389.jpg 800w, https:\/\/lid.debica.pl\/blog\/wp-content\/uploads\/2021\/04\/przejazd-kolejowy-k-44-1-350x170.jpg 350w, https:\/\/lid.debica.pl\/blog\/wp-content\/uploads\/2021\/04\/przejazd-kolejowy-k-44-1-768x373.jpg 768w\" sizes=\"auto, (max-width: 1000px) 100vw, 1000px\" \/><\/a><\/figure><\/li><\/ul><\/figure>\n\n\n\n<div style=\"height:50px\" aria-hidden=\"true\" class=\"wp-block-spacer\"><\/div>\n\n\n\n<p class=\"has-medium-font-size\"><strong>Chcesz wiedzie\u0107 wi\u0119cej o naszych realizacjach lub zapyta\u0107 o ofert\u0119?<\/strong><\/p>\n\n\n\n<div style=\"height:30px\" aria-hidden=\"true\" class=\"wp-block-spacer\"><\/div>\n\n\n\n<div class=\"wp-block-buttons is-content-justification-center is-layout-flex wp-block-buttons-is-layout-flex\">\n<div class=\"wp-block-button\"><a class=\"wp-block-button__link has-background\" href=\"https:\/\/www.lid.debica.pl\/#kontakt\" style=\"border-radius:4px;background-color:#0d3866\" target=\"_blank\" rel=\"noreferrer noopener\">Skontaktuj si\u0119 z nami<\/a><\/div>\n<\/div>\n","protected":false},"excerpt":{"rendered":"<p>Wykonali\u015bmy prace naprawy przejazdu kolejowego w miejscowo\u015bci Ko\u0142biel. W sk\u0142ad prac wchodzi\u0142y zar\u00f3wno prace rozbi\u00f3rkowe dotychczasowego przejazdu, jak r\u00f3wnie\u017c prace zwi\u0105zane z budow\u0105 nowego przejazdu.<\/p>\n","protected":false},"author":1,"featured_media":156,"comment_status":"closed","ping_status":"","sticky":false,"template":"","format":"standard","meta":{"footnotes":""},"categories":[1],"tags":[],"class_list":["post-144","post","type-post","status-publish","format-standard","has-post-thumbnail","hentry","category-realizacje"],"_links":{"self":[{"href":"https:\/\/lid.debica.pl\/blog\/wp-json\/wp\/v2\/posts\/144","targetHints":{"allow":["GET"]}}],"collection":[{"href":"https:\/\/lid.debica.pl\/blog\/wp-json\/wp\/v2\/posts"}],"about":[{"href":"https:\/\/lid.debica.pl\/blog\/wp-json\/wp\/v2\/types\/post"}],"author":[{"embeddable":true,"href":"https:\/\/lid.debica.pl\/blog\/wp-json\/wp\/v2\/users\/1"}],"replies":[{"embeddable":true,"href":"https:\/\/lid.debica.pl\/blog\/wp-json\/wp\/v2\/comments?post=144"}],"version-history":[{"count":10,"href":"https:\/\/lid.debica.pl\/blog\/wp-json\/wp\/v2\/posts\/144\/revisions"}],"predecessor-version":[{"id":216,"href":"https:\/\/lid.debica.pl\/blog\/wp-json\/wp\/v2\/posts\/144\/revisions\/216"}],"wp:featuredmedia":[{"embeddable":true,"href":"https:\/\/lid.debica.pl\/blog\/wp-json\/wp\/v2\/media\/156"}],"wp:attachment":[{"href":"https:\/\/lid.debica.pl\/blog\/wp-json\/wp\/v2\/media?parent=144"}],"wp:term":[{"taxonomy":"category","embeddable":true,"href":"https:\/\/lid.debica.pl\/blog\/wp-json\/wp\/v2\/categories?post=144"},{"taxonomy":"post_tag","embeddable":true,"href":"https:\/\/lid.debica.pl\/blog\/wp-json\/wp\/v2\/tags?post=144"}],"curies":[{"name":"wp","href":"https:\/\/api.w.org\/{rel}","templated":true}]}}